{"id":3841,"date":"2026-09-03T12:59:18","date_gmt":"2026-09-03T12:59:18","guid":{"rendered":"https:\/\/theoria.it\/?p=3841"},"modified":"2026-09-03T13:02:34","modified_gmt":"2026-09-03T13:02:34","slug":"corporate-cultural-responsibility-theoria-sostiene-la-mostra-darte-contemporanea-py43-%c2%b7-origo-di-andrea-benetti","status":"publish","type":"post","link":"https:\/\/theoria.it\/en\/corporate-cultural-responsibility-theoria-sostiene-la-mostra-darte-contemporanea-py43-%c2%b7-origo-di-andrea-benetti\/","title":{"rendered":"CORPORATE CULTURAL RESPONSIBILITY: THEORIA SOSTIENE LA MOSTRA D\u2019ARTE CONTEMPORANEA PY43 \u00b7 \u00d3RIGO DI ANDREA BENETTI"},"content":{"rendered":"<p>[et_pb_section fb_built=&#8221;1&#8243; _builder_version=&#8221;4.25.2&#8243; _module_preset=&#8221;default&#8221; background_enable_image=&#8221;off&#8221; custom_margin=&#8221;-50px|100px|-1px|100px|false|true&#8221; custom_margin_tablet=&#8221;-50px|100px|-1px|100px|false|true&#8221; custom_margin_phone=&#8221;|20px||20px|false|true&#8221; custom_margin_last_edited=&#8221;on|phone&#8221; custom_padding=&#8221;||||false|false&#8221; border_radii=&#8221;on|20px|20px|20px|20px&#8221; global_colors_info=&#8221;{}&#8221;][et_pb_row _builder_version=&#8221;4.25.2&#8243; _module_preset=&#8221;default&#8221; custom_padding=&#8221;|||12px||&#8221; global_colors_info=&#8221;{}&#8221;][et_pb_column type=&#8221;4_4&#8243; _builder_version=&#8221;4.25.2&#8243; _module_preset=&#8221;default&#8221; global_colors_info=&#8221;{}&#8221;][et_pb_text quote_border_color=&#8221;#FFFFFF&#8221; _builder_version=&#8221;4.27.4&#8243; _module_preset=&#8221;3952ed59-603c-4537-a72b-d90433fe7149&#8243; text_font=&#8221;Plus Jakarta Sans|300|||||||&#8221; text_text_color=&#8221;#29292c&#8221; link_font=&#8221;||||on|||#0C71C3|&#8221; link_text_color=&#8221;#0C71C3&#8243; quote_text_color=&#8221;#FFFFFF&#8221; text_orientation=&#8221;center&#8221; module_alignment=&#8221;center&#8221; custom_margin=&#8221;||||false|false&#8221; locked=&#8221;off&#8221; global_colors_info=&#8221;{}&#8221;]<\/p>\n<p style=\"text-align: left;\">In <strong>Theoria<\/strong> crediamo che fare<strong> comunicazione integrata<\/strong> significhi spingersi oltre le dinamiche aziendali per abbracciare e promuovere le eccellenze culturali del territorio. Da questa visione nasce il nostro sostegno a PY43 \u00b7 \u00d3rigo \u2013 Materia tempore subsidit, la mostra personale dell&#8217;artista visivo Andrea Benetti.<\/p>\n<p style=\"text-align: left;\">L&#8217;esposizione, che si terr\u00e0 dal 4 al 20 settembre 2026 presso la Art Gallery Il Cesello di Pietrasanta (Lucca), aggiunge un nuovo e prestigioso tassello al nostro progetto di <strong>Corporate Cultural Responsibility<\/strong>, rafforzando il legame profondo tra la nostra agenzia e il mondo dell&#8217;arte.<\/p>\n<p style=\"text-align: left;\"><strong>Comunicazione, linguaggio e impresa: la nostra visione<\/strong><\/p>\n<p style=\"text-align: left;\">Crediamo che l&#8217;impegno per l&#8217;arte sia molto pi\u00f9 di un&#8217;attivit\u00e0 di mecenatismo: \u00e8 il cuore della nostra strategia di <strong>sostenibilit\u00e0 aziendale<\/strong>. Lavoriamo per far incontrare passato e futuro, trasformando i linguaggi dell&#8217;arte e la memoria storica in risorse vive, capaci di fondersi organicamente con l&#8217;innovazione e le nuove frontiere della <strong>comunicazione d\u2019impresa<\/strong>.<\/p>\n<p style=\"text-align: left;\"><strong>Dal graffito allo storytelling digitale<\/strong><\/p>\n<p style=\"text-align: left;\">La ricerca artistica di Andrea Benetti, noto come l&#8217;autore del Manifesto dell&#8217;Arte Neorupestre, esplora le origini del<strong> linguaggio visivo<\/strong> e il valore del simbolo, considerandolo la prima vera forma universale di comunicazione umana.<\/p>\n<p style=\"text-align: left;\">Si tratta di un tema fortemente affine al nostro lavoro di ogni giorno: nelle nostre<strong> strategie di marketing e PR<\/strong>, l&#8217;essenzialit\u00e0 dei simboli, l&#8217;efficacia delle icone e la capacit\u00e0 di sintesi visiva giocano un ruolo cruciale per il successo dei brand che seguiamo.<\/p>\n<p style=\"text-align: left;\"><em>\u201cAccompagnare un progetto culturale di questo valore riflette la visione di Theoria verso un&#8217;idea di comunicazione capace di connettere passato e futuro. L&#8217;opera di Benetti ci ricorda come il pensiero simbolico sia la pietra angolare di ogni forma di relazione umana e di storytelling, dal graffito della preistoria alle sintesi visive del digitale contemporaneo\u201d,<\/em> afferma <strong>Mirka Ritelli, CEO di Theoria<\/strong><\/p>\n<p style=\"text-align: left;\"><strong>La mostra PY43 \u00b7 \u00d3rigo: un ponte tra origini storiche e mondo contemporaneo<\/strong><\/p>\n<p style=\"text-align: left;\">Curata da Laura Luciano e organizzata da Art Gallery Il Cesello in collaborazione con Italian Art Promotion, la mostra porta in scena opere appartenenti prevalentemente al ciclo <em>Astrattismo delle Origini<\/em>.<\/p>\n<p style=\"text-align: left;\">Attraverso forme essenziali, elementi geometrici e figure stilizzate, come tori, cavalli e strutture antropomorfe, Benetti trasforma i simboli primordiali in un vocabolario moderno, dimostrando come la <strong>comunicazione simbolica<\/strong> sia in grado di resistere al tempo e continuare a parlare alle persone anche oggi. L&#8217;evento gode del prestigioso patrocinio del Comune di Pietrasanta, del Museo Ugo Guidi di Forte dei Marmi e di Atelier 15.<\/p>\n<p style=\"text-align: left;\">Se ti trovi a Pietrasanta o dintorni in quel periodo, ti invitiamo a non perdere questa affascinante esperienza visiva!<\/p>\n<p>[\/et_pb_text][et_pb_image src=&#8221;https:\/\/theoria.it\/wp-content\/uploads\/2026\/09\/60&#215;60-Viaggio_nella_storia.jpg&#8221; _builder_version=&#8221;4.27.4&#8243; _module_preset=&#8221;default&#8221; title_text=&#8221;60&#215;60-Viaggio_nella_storia&#8221; hover_enabled=&#8221;0&#8243; sticky_enabled=&#8221;0&#8243;][\/et_pb_image][et_pb_image src=&#8221;https:\/\/theoria.it\/wp-content\/uploads\/2026\/09\/50&#215;70-Cavallo-con-tori.jpg&#8221; _builder_version=&#8221;4.27.4&#8243; _module_preset=&#8221;default&#8221; title_text=&#8221;50&#215;70-Cavallo-con-tori&#8221; hover_enabled=&#8221;0&#8243; sticky_enabled=&#8221;0&#8243;][\/et_pb_image][\/et_pb_column][\/et_pb_row][\/et_pb_section]<\/p>","protected":false},"excerpt":{"rendered":"<p>In Theoria crediamo che fare comunicazione integrata significhi spingersi oltre le dinamiche aziendali per abbracciare e promuovere le eccellenze culturali del territorio. Da questa visione nasce il nostro sostegno a PY43 \u00b7 \u00d3rigo \u2013 Materia tempore subsidit, la mostra personale dell&#8217;artista visivo Andrea Benetti. L&#8217;esposizione, che si terr\u00e0 dal 4 al 20 settembre 2026 presso [&hellip;]<\/p>","protected":false},"author":2,"featured_media":3822,"comment_status":"closed","ping_status":"open","sticky":false,"template":"","format":"standard","meta":{"_acf_changed":false,"_et_pb_use_builder":"on","_et_pb_old_content":"","_et_gb_content_width":"1080","footnotes":""},"categories":[1],"tags":[],"class_list":["post-3841","post","type-post","status-publish","format-standard","has-post-thumbnail","hentry","category-uncategorized"],"acf":[],"yoast_head":"<!-- This site is optimized with the Yoast SEO plugin v26.4 - https:\/\/yoast.com\/wordpress\/plugins\/seo\/ -->\n<title>CORPORATE CULTURAL RESPONSIBILITY: THEORIA SOSTIENE LA MOSTRA D\u2019ARTE CONTEMPORANEA PY43 \u00b7 \u00d3RIGO DI ANDREA BENETTI - Theoria<\/title>\n<meta name=\"description\" content=\"feste di natale Milano eventi corporate location\" \/>\n<meta name=\"robots\" content=\"index, follow, max-snippet:-1, max-image-preview:large, max-video-preview:-1\" \/>\n<link rel=\"canonical\" href=\"https:\/\/theoria.it\/en\/corporate-cultural-responsibility-theoria-sostiene-la-mostra-darte-contemporanea-py43-\u00b7-origo-di-andrea-benetti\/\" \/>\n<meta property=\"og:locale\" content=\"en_US\" \/>\n<meta property=\"og:type\" content=\"article\" \/>\n<meta property=\"og:title\" content=\"CORPORATE CULTURAL RESPONSIBILITY: THEORIA SOSTIENE LA MOSTRA D\u2019ARTE CONTEMPORANEA PY43 \u00b7 \u00d3RIGO DI ANDREA BENETTI - Theoria\" \/>\n<meta property=\"og:description\" content=\"feste di natale Milano eventi corporate location\" \/>\n<meta property=\"og:url\" content=\"https:\/\/theoria.it\/en\/corporate-cultural-responsibility-theoria-sostiene-la-mostra-darte-contemporanea-py43-\u00b7-origo-di-andrea-benetti\/\" \/>\n<meta property=\"og:site_name\" content=\"Theoria\" \/>\n<meta property=\"article:published_time\" content=\"2026-09-03T12:59:18+00:00\" \/>\n<meta property=\"article:modified_time\" content=\"2026-09-03T13:02:34+00:00\" \/>\n<meta property=\"og:image\" content=\"https:\/\/theoria.it\/wp-content\/uploads\/2026\/07\/CENA-IMMERSIVA_orizzontale-2-2-1024x572.png\" \/>\n\t<meta property=\"og:image:width\" content=\"1024\" \/>\n\t<meta property=\"og:image:height\" content=\"572\" \/>\n\t<meta property=\"og:image:type\" content=\"image\/png\" \/>\n<meta name=\"author\" content=\"Margherita Maggi\" \/>\n<meta name=\"twitter:card\" content=\"summary_large_image\" \/>\n<meta name=\"twitter:label1\" content=\"Written by\" \/>\n\t<meta name=\"twitter:data1\" content=\"Margherita Maggi\" \/>\n\t<meta name=\"twitter:label2\" content=\"Est. reading time\" \/>\n\t<meta name=\"twitter:data2\" content=\"2 minutes\" \/>\n<script type=\"application\/ld+json\" class=\"yoast-schema-graph\">{\"@context\":\"https:\/\/schema.org\",\"@graph\":[{\"@type\":\"Article\",\"@id\":\"https:\/\/theoria.it\/corporate-cultural-responsibility-theoria-sostiene-la-mostra-darte-contemporanea-py43-%c2%b7-origo-di-andrea-benetti\/#article\",\"isPartOf\":{\"@id\":\"https:\/\/theoria.it\/corporate-cultural-responsibility-theoria-sostiene-la-mostra-darte-contemporanea-py43-%c2%b7-origo-di-andrea-benetti\/\"},\"author\":{\"name\":\"Margherita Maggi\",\"@id\":\"https:\/\/theoria.it\/#\/schema\/person\/6c9004aeb5fd344f185468ddb9a1c567\"},\"headline\":\"CORPORATE CULTURAL RESPONSIBILITY: THEORIA SOSTIENE LA MOSTRA D\u2019ARTE CONTEMPORANEA PY43 \u00b7 \u00d3RIGO DI ANDREA BENETTI\",\"datePublished\":\"2026-09-03T12:59:18+00:00\",\"dateModified\":\"2026-09-03T13:02:34+00:00\",\"mainEntityOfPage\":{\"@id\":\"https:\/\/theoria.it\/corporate-cultural-responsibility-theoria-sostiene-la-mostra-darte-contemporanea-py43-%c2%b7-origo-di-andrea-benetti\/\"},\"wordCount\":652,\"publisher\":{\"@id\":\"https:\/\/theoria.it\/#organization\"},\"image\":{\"@id\":\"https:\/\/theoria.it\/corporate-cultural-responsibility-theoria-sostiene-la-mostra-darte-contemporanea-py43-%c2%b7-origo-di-andrea-benetti\/#primaryimage\"},\"thumbnailUrl\":\"https:\/\/theoria.it\/wp-content\/uploads\/2026\/07\/CENA-IMMERSIVA_orizzontale-2-2.png\",\"inLanguage\":\"en-US\"},{\"@type\":\"WebPage\",\"@id\":\"https:\/\/theoria.it\/corporate-cultural-responsibility-theoria-sostiene-la-mostra-darte-contemporanea-py43-%c2%b7-origo-di-andrea-benetti\/\",\"url\":\"https:\/\/theoria.it\/corporate-cultural-responsibility-theoria-sostiene-la-mostra-darte-contemporanea-py43-%c2%b7-origo-di-andrea-benetti\/\",\"name\":\"CORPORATE CULTURAL RESPONSIBILITY: THEORIA SOSTIENE LA MOSTRA D\u2019ARTE CONTEMPORANEA PY43 \u00b7 \u00d3RIGO DI ANDREA BENETTI - Theoria\",\"isPartOf\":{\"@id\":\"https:\/\/theoria.it\/#website\"},\"primaryImageOfPage\":{\"@id\":\"https:\/\/theoria.it\/corporate-cultural-responsibility-theoria-sostiene-la-mostra-darte-contemporanea-py43-%c2%b7-origo-di-andrea-benetti\/#primaryimage\"},\"image\":{\"@id\":\"https:\/\/theoria.it\/corporate-cultural-responsibility-theoria-sostiene-la-mostra-darte-contemporanea-py43-%c2%b7-origo-di-andrea-benetti\/#primaryimage\"},\"thumbnailUrl\":\"https:\/\/theoria.it\/wp-content\/uploads\/2026\/07\/CENA-IMMERSIVA_orizzontale-2-2.png\",\"datePublished\":\"2026-09-03T12:59:18+00:00\",\"dateModified\":\"2026-09-03T13:02:34+00:00\",\"description\":\"feste di natale Milano eventi corporate location\",\"breadcrumb\":{\"@id\":\"https:\/\/theoria.it\/corporate-cultural-responsibility-theoria-sostiene-la-mostra-darte-contemporanea-py43-%c2%b7-origo-di-andrea-benetti\/#breadcrumb\"},\"inLanguage\":\"en-US\",\"potentialAction\":[{\"@type\":\"ReadAction\",\"target\":[\"https:\/\/theoria.it\/corporate-cultural-responsibility-theoria-sostiene-la-mostra-darte-contemporanea-py43-%c2%b7-origo-di-andrea-benetti\/\"]}]},{\"@type\":\"ImageObject\",\"inLanguage\":\"en-US\",\"@id\":\"https:\/\/theoria.it\/corporate-cultural-responsibility-theoria-sostiene-la-mostra-darte-contemporanea-py43-%c2%b7-origo-di-andrea-benetti\/#primaryimage\",\"url\":\"https:\/\/theoria.it\/wp-content\/uploads\/2026\/07\/CENA-IMMERSIVA_orizzontale-2-2.png\",\"contentUrl\":\"https:\/\/theoria.it\/wp-content\/uploads\/2026\/07\/CENA-IMMERSIVA_orizzontale-2-2.png\",\"width\":2752,\"height\":1536,\"caption\":\"evento natale\"},{\"@type\":\"BreadcrumbList\",\"@id\":\"https:\/\/theoria.it\/corporate-cultural-responsibility-theoria-sostiene-la-mostra-darte-contemporanea-py43-%c2%b7-origo-di-andrea-benetti\/#breadcrumb\",\"itemListElement\":[{\"@type\":\"ListItem\",\"position\":1,\"name\":\"Home\",\"item\":\"https:\/\/theoria.it\/\"},{\"@type\":\"ListItem\",\"position\":2,\"name\":\"CORPORATE CULTURAL RESPONSIBILITY: THEORIA SOSTIENE LA MOSTRA D\u2019ARTE CONTEMPORANEA PY43 \u00b7 \u00d3RIGO DI ANDREA BENETTI\"}]},{\"@type\":\"WebSite\",\"@id\":\"https:\/\/theoria.it\/#website\",\"url\":\"https:\/\/theoria.it\/\",\"name\":\"Theoria\",\"description\":\"\",\"publisher\":{\"@id\":\"https:\/\/theoria.it\/#organization\"},\"potentialAction\":[{\"@type\":\"SearchAction\",\"target\":{\"@type\":\"EntryPoint\",\"urlTemplate\":\"https:\/\/theoria.it\/?s={search_term_string}\"},\"query-input\":{\"@type\":\"PropertyValueSpecification\",\"valueRequired\":true,\"valueName\":\"search_term_string\"}}],\"inLanguage\":\"en-US\"},{\"@type\":\"Organization\",\"@id\":\"https:\/\/theoria.it\/#organization\",\"name\":\"Theoria\",\"url\":\"https:\/\/theoria.it\/\",\"logo\":{\"@type\":\"ImageObject\",\"inLanguage\":\"en-US\",\"@id\":\"https:\/\/theoria.it\/#\/schema\/logo\/image\/\",\"url\":\"https:\/\/theoria.it\/wp-content\/uploads\/2024\/09\/logo-black.png\",\"contentUrl\":\"https:\/\/theoria.it\/wp-content\/uploads\/2024\/09\/logo-black.png\",\"width\":263,\"height\":54,\"caption\":\"Theoria\"},\"image\":{\"@id\":\"https:\/\/theoria.it\/#\/schema\/logo\/image\/\"}},{\"@type\":\"Person\",\"@id\":\"https:\/\/theoria.it\/#\/schema\/person\/6c9004aeb5fd344f185468ddb9a1c567\",\"name\":\"Margherita Maggi\",\"image\":{\"@type\":\"ImageObject\",\"inLanguage\":\"en-US\",\"@id\":\"https:\/\/theoria.it\/#\/schema\/person\/image\/\",\"url\":\"https:\/\/secure.gravatar.com\/avatar\/d0a18479c5eeaf6d1073a55befa50a3f?s=96&d=mm&r=g\",\"contentUrl\":\"https:\/\/secure.gravatar.com\/avatar\/d0a18479c5eeaf6d1073a55befa50a3f?s=96&d=mm&r=g\",\"caption\":\"Margherita Maggi\"},\"url\":\"https:\/\/theoria.it\/en\/author\/adm_theoria\/\"}]}<\/script>\n<!-- \/ Yoast SEO plugin. -->","yoast_head_json":{"title":"CORPORATE CULTURAL RESPONSIBILITY: THEORIA SOSTIENE LA MOSTRA D\u2019ARTE CONTEMPORANEA PY43 \u00b7 \u00d3RIGO DI ANDREA BENETTI - Theoria","description":"feste di natale Milano eventi corporate location","robots":{"index":"index","follow":"follow","max-snippet":"max-snippet:-1","max-image-preview":"max-image-preview:large","max-video-preview":"max-video-preview:-1"},"canonical":"https:\/\/theoria.it\/en\/corporate-cultural-responsibility-theoria-sostiene-la-mostra-darte-contemporanea-py43-\u00b7-origo-di-andrea-benetti\/","og_locale":"en_US","og_type":"article","og_title":"CORPORATE CULTURAL RESPONSIBILITY: THEORIA SOSTIENE LA MOSTRA D\u2019ARTE CONTEMPORANEA PY43 \u00b7 \u00d3RIGO DI ANDREA BENETTI - Theoria","og_description":"feste di natale Milano eventi corporate location","og_url":"https:\/\/theoria.it\/en\/corporate-cultural-responsibility-theoria-sostiene-la-mostra-darte-contemporanea-py43-\u00b7-origo-di-andrea-benetti\/","og_site_name":"Theoria","article_published_time":"2026-09-03T12:59:18+00:00","article_modified_time":"2026-09-03T13:02:34+00:00","og_image":[{"width":1024,"height":572,"url":"https:\/\/theoria.it\/wp-content\/uploads\/2026\/07\/CENA-IMMERSIVA_orizzontale-2-2-1024x572.png","type":"image\/png"}],"author":"Margherita Maggi","twitter_card":"summary_large_image","twitter_misc":{"Written by":"Margherita Maggi","Est. reading time":"2 minutes"},"schema":{"@context":"https:\/\/schema.org","@graph":[{"@type":"Article","@id":"https:\/\/theoria.it\/corporate-cultural-responsibility-theoria-sostiene-la-mostra-darte-contemporanea-py43-%c2%b7-origo-di-andrea-benetti\/#article","isPartOf":{"@id":"https:\/\/theoria.it\/corporate-cultural-responsibility-theoria-sostiene-la-mostra-darte-contemporanea-py43-%c2%b7-origo-di-andrea-benetti\/"},"author":{"name":"Margherita Maggi","@id":"https:\/\/theoria.it\/#\/schema\/person\/6c9004aeb5fd344f185468ddb9a1c567"},"headline":"CORPORATE CULTURAL RESPONSIBILITY: THEORIA SOSTIENE LA MOSTRA D\u2019ARTE CONTEMPORANEA PY43 \u00b7 \u00d3RIGO DI ANDREA BENETTI","datePublished":"2026-09-03T12:59:18+00:00","dateModified":"2026-09-03T13:02:34+00:00","mainEntityOfPage":{"@id":"https:\/\/theoria.it\/corporate-cultural-responsibility-theoria-sostiene-la-mostra-darte-contemporanea-py43-%c2%b7-origo-di-andrea-benetti\/"},"wordCount":652,"publisher":{"@id":"https:\/\/theoria.it\/#organization"},"image":{"@id":"https:\/\/theoria.it\/corporate-cultural-responsibility-theoria-sostiene-la-mostra-darte-contemporanea-py43-%c2%b7-origo-di-andrea-benetti\/#primaryimage"},"thumbnailUrl":"https:\/\/theoria.it\/wp-content\/uploads\/2026\/07\/CENA-IMMERSIVA_orizzontale-2-2.png","inLanguage":"en-US"},{"@type":"WebPage","@id":"https:\/\/theoria.it\/corporate-cultural-responsibility-theoria-sostiene-la-mostra-darte-contemporanea-py43-%c2%b7-origo-di-andrea-benetti\/","url":"https:\/\/theoria.it\/corporate-cultural-responsibility-theoria-sostiene-la-mostra-darte-contemporanea-py43-%c2%b7-origo-di-andrea-benetti\/","name":"CORPORATE CULTURAL RESPONSIBILITY: THEORIA SOSTIENE LA MOSTRA D\u2019ARTE CONTEMPORANEA PY43 \u00b7 \u00d3RIGO DI ANDREA BENETTI - Theoria","isPartOf":{"@id":"https:\/\/theoria.it\/#website"},"primaryImageOfPage":{"@id":"https:\/\/theoria.it\/corporate-cultural-responsibility-theoria-sostiene-la-mostra-darte-contemporanea-py43-%c2%b7-origo-di-andrea-benetti\/#primaryimage"},"image":{"@id":"https:\/\/theoria.it\/corporate-cultural-responsibility-theoria-sostiene-la-mostra-darte-contemporanea-py43-%c2%b7-origo-di-andrea-benetti\/#primaryimage"},"thumbnailUrl":"https:\/\/theoria.it\/wp-content\/uploads\/2026\/07\/CENA-IMMERSIVA_orizzontale-2-2.png","datePublished":"2026-09-03T12:59:18+00:00","dateModified":"2026-09-03T13:02:34+00:00","description":"feste di natale Milano eventi corporate location","breadcrumb":{"@id":"https:\/\/theoria.it\/corporate-cultural-responsibility-theoria-sostiene-la-mostra-darte-contemporanea-py43-%c2%b7-origo-di-andrea-benetti\/#breadcrumb"},"inLanguage":"en-US","potentialAction":[{"@type":"ReadAction","target":["https:\/\/theoria.it\/corporate-cultural-responsibility-theoria-sostiene-la-mostra-darte-contemporanea-py43-%c2%b7-origo-di-andrea-benetti\/"]}]},{"@type":"ImageObject","inLanguage":"en-US","@id":"https:\/\/theoria.it\/corporate-cultural-responsibility-theoria-sostiene-la-mostra-darte-contemporanea-py43-%c2%b7-origo-di-andrea-benetti\/#primaryimage","url":"https:\/\/theoria.it\/wp-content\/uploads\/2026\/07\/CENA-IMMERSIVA_orizzontale-2-2.png","contentUrl":"https:\/\/theoria.it\/wp-content\/uploads\/2026\/07\/CENA-IMMERSIVA_orizzontale-2-2.png","width":2752,"height":1536,"caption":"evento natale"},{"@type":"BreadcrumbList","@id":"https:\/\/theoria.it\/corporate-cultural-responsibility-theoria-sostiene-la-mostra-darte-contemporanea-py43-%c2%b7-origo-di-andrea-benetti\/#breadcrumb","itemListElement":[{"@type":"ListItem","position":1,"name":"Home","item":"https:\/\/theoria.it\/"},{"@type":"ListItem","position":2,"name":"CORPORATE CULTURAL RESPONSIBILITY: THEORIA SOSTIENE LA MOSTRA D\u2019ARTE CONTEMPORANEA PY43 \u00b7 \u00d3RIGO DI ANDREA BENETTI"}]},{"@type":"WebSite","@id":"https:\/\/theoria.it\/#website","url":"https:\/\/theoria.it\/","name":"Theoria","description":"","publisher":{"@id":"https:\/\/theoria.it\/#organization"},"potentialAction":[{"@type":"SearchAction","target":{"@type":"EntryPoint","urlTemplate":"https:\/\/theoria.it\/?s={search_term_string}"},"query-input":{"@type":"PropertyValueSpecification","valueRequired":true,"valueName":"search_term_string"}}],"inLanguage":"en-US"},{"@type":"Organization","@id":"https:\/\/theoria.it\/#organization","name":"Theoria","url":"https:\/\/theoria.it\/","logo":{"@type":"ImageObject","inLanguage":"en-US","@id":"https:\/\/theoria.it\/#\/schema\/logo\/image\/","url":"https:\/\/theoria.it\/wp-content\/uploads\/2024\/09\/logo-black.png","contentUrl":"https:\/\/theoria.it\/wp-content\/uploads\/2024\/09\/logo-black.png","width":263,"height":54,"caption":"Theoria"},"image":{"@id":"https:\/\/theoria.it\/#\/schema\/logo\/image\/"}},{"@type":"Person","@id":"https:\/\/theoria.it\/#\/schema\/person\/6c9004aeb5fd344f185468ddb9a1c567","name":"Margherita Maggi","image":{"@type":"ImageObject","inLanguage":"en-US","@id":"https:\/\/theoria.it\/#\/schema\/person\/image\/","url":"https:\/\/secure.gravatar.com\/avatar\/d0a18479c5eeaf6d1073a55befa50a3f?s=96&d=mm&r=g","contentUrl":"https:\/\/secure.gravatar.com\/avatar\/d0a18479c5eeaf6d1073a55befa50a3f?s=96&d=mm&r=g","caption":"Margherita Maggi"},"url":"https:\/\/theoria.it\/en\/author\/adm_theoria\/"}]}},"_links":{"self":[{"href":"https:\/\/theoria.it\/en\/wp-json\/wp\/v2\/posts\/3841","targetHints":{"allow":["GET"]}}],"collection":[{"href":"https:\/\/theoria.it\/en\/wp-json\/wp\/v2\/posts"}],"about":[{"href":"https:\/\/theoria.it\/en\/wp-json\/wp\/v2\/types\/post"}],"author":[{"embeddable":true,"href":"https:\/\/theoria.it\/en\/wp-json\/wp\/v2\/users\/2"}],"replies":[{"embeddable":true,"href":"https:\/\/theoria.it\/en\/wp-json\/wp\/v2\/comments?post=3841"}],"version-history":[{"count":4,"href":"https:\/\/theoria.it\/en\/wp-json\/wp\/v2\/posts\/3841\/revisions"}],"predecessor-version":[{"id":3851,"href":"https:\/\/theoria.it\/en\/wp-json\/wp\/v2\/posts\/3841\/revisions\/3851"}],"wp:featuredmedia":[{"embeddable":true,"href":"https:\/\/theoria.it\/en\/wp-json\/wp\/v2\/media\/3822"}],"wp:attachment":[{"href":"https:\/\/theoria.it\/en\/wp-json\/wp\/v2\/media?parent=3841"}],"wp:term":[{"taxonomy":"category","embeddable":true,"href":"https:\/\/theoria.it\/en\/wp-json\/wp\/v2\/categories?post=3841"},{"taxonomy":"post_tag","embeddable":true,"href":"https:\/\/theoria.it\/en\/wp-json\/wp\/v2\/tags?post=3841"}],"curies":[{"name":"wp","href":"https:\/\/api.w.org\/{rel}","templated":true}]}}